{"id":1620,"date":"2018-12-17T12:37:06","date_gmt":"2018-12-17T10:37:06","guid":{"rendered":"http:\/\/kmei.ro\/?p=1620\/"},"modified":"2022-03-31T09:32:22","modified_gmt":"2022-03-31T09:32:22","slug":"tanulmanyi-tamogatas-doktori-hallgatok-reszere-palyazati-felhivas-2","status":"publish","type":"post","link":"https:\/\/kmei.ro\/index.php\/2018\/12\/17\/tanulmanyi-tamogatas-doktori-hallgatok-reszere-palyazati-felhivas-2\/","title":{"rendered":"Tanulm\u00e1nyi t\u00e1mogat\u00e1s doktori hallgat\u00f3k r\u00e9sz\u00e9re &#8211; p\u00e1ly\u00e1zati felh\u00edv\u00e1s"},"content":{"rendered":"<p>Az E\u00f6tv\u00f6s Lor\u00e1nd Tudom\u00e1nyegyetem \u00e9s az Emberi Er\u0151forr\u00e1sok Miniszt\u00e9riuma p\u00e1ly\u00e1zatot hirdet \u00f6szt\u00f6nd\u00edjra a sz\u00fcl\u0151f\u00f6ldi fels\u0151oktat\u00e1si tanulm\u00e1nyok t\u00e1mogat\u00e1sa c\u00e9lj\u00e1b\u00f3l a 2018\/2019-es tan\u00e9vben k\u00fclhoni fels\u0151oktat\u00e1si doktori k\u00e9pz\u00e9sben r\u00e9szt vev\u0151 rom\u00e1n \u00e1llampolg\u00e1rs\u00e1g\u00fa, magyar nemzetis\u00e9g\u0171 szem\u00e9lyek sz\u00e1m\u00e1ra. <!--more--><\/p>\n<p>P\u00e1ly\u00e1zhat minden olyan rom\u00e1n \u00e1llampolg\u00e1rs\u00e1g\u00fa, a szomsz\u00e9dos \u00e1llamokban \u00e9l\u0151 magyarokr\u00f3l sz\u00f3l\u00f3 2001. \u00e9vi LXII. t\u00f6rv\u00e9ny hat\u00e1lya alatt \u00e1ll\u00f3 szem\u00e9ly, aki a 2018\/2019-es tan\u00e9vben sz\u00fcl\u0151f\u00f6ldi (rom\u00e1niai) \u00e1llamilag akkredit\u00e1lt fels\u0151oktat\u00e1si int\u00e9zm\u00e9nyben doktori (PhD m\u0171v\u00e9szeti doktori) k\u00e9pz\u00e9sben nappali munkarendben akt\u00edv hallgat\u00f3i jogviszonnyal rendelkezik, illetve a doktori t\u00e9ma elfogad\u00e1s\u00e1r\u00f3l sz\u00f3l\u00f3 igazol\u00e1ssal al\u00e1t\u00e1maszthat\u00f3an a doktori c\u00edm megszerz\u00e9s\u00e9re ir\u00e1nyul\u00f3 tev\u00e9kenys\u00e9get folytat.<\/p>\n<p>P\u00e1ly\u00e1zni a <a href=\"http:\/\/martonaronurlap.elte.hu\/\" target=\"_blank\" rel=\"noopener\">martonaron.elte.hu<\/a> oldalon lehet a p\u00e1ly\u00e1zatnak megfelel\u0151 p\u00e1ly\u00e1zati adatlapon. Az adatlap kit\u00f6lt\u00e9s\u00e9t k\u00f6vet\u0151en a rendszer a p\u00e1ly\u00e1z\u00f3 adatait tartalmaz\u00f3 PDF t\u00edpus\u00fa dokumentumot k\u00e9sz\u00edt. A p\u00e1ly\u00e1zat csak akkor \u00e9rv\u00e9nyes, ha a p\u00e1ly\u00e1z\u00f3 a PDF file-t kinyomtatva \u00e9s saj\u00e1t kez\u0171leg al\u00e1\u00edrva postai \u00faton, vagy szem\u00e9lyesen beny\u00fajtja a k\u00f6telez\u0151en csatoland\u00f3 mell\u00e9klettel egy\u00fctt a megadott hat\u00e1rid\u0151ig.<\/p>\n<p>A p\u00e1ly\u00e1zatok bead\u00e1s\u00e1nak \u00e9s postai be\u00e9rkez\u00e9s\u00e9nek \u2013 (nem a postab\u00e9lyegz\u0151 d\u00e1tum\u00e1nak) \u2013 hat\u00e1rideje:<\/p>\n<p><strong>2019. janu\u00e1r 16., 23.59 \u00f3ra<\/strong> (k\u00f6z\u00e9p-eur\u00f3pai id\u0151 \/CET\/ szerint): elektronikus adatlap bead\u00e1sa \u00e9s<\/p>\n<p><strong>2019. janu\u00e1r 17., 12.00 \u00f3ra<\/strong> (k\u00f6z\u00e9p-eur\u00f3pai id\u0151 \/CET\/ szerint): a pdf p\u00e1ly\u00e1zati adatlap kinyomtatott, al\u00e1\u00edrt form\u00e1j\u00e1nak \u00e9s a mell\u00e9klet\u00f6sszes\u00edt\u0151 t\u00e1bla szem\u00e9lyes vagy postai \u00faton t\u00f6rt\u00e9n\u0151 be\u00e9rkez\u00e9se.<\/p>\n<p>A p\u00e1ly\u00e1zatokat az al\u00e1bbi c\u00edmre lehet bek\u00fcldeni \/ beadni:<\/p>\n<p>Kolozsv\u00e1ri Magyar Egyetemi Int\u00e9zet<br \/>\n400084 Kolozsv\u00e1r, Farkas\/Mihail Kog\u0103lniceanu u. 4\/9.<\/p>\n<p>Felh\u00edvjuk a p\u00e1ly\u00e1z\u00f3k figyelm\u00e9t, hogy az iroda 2018. december 24.\u20132019. janu\u00e1r 6. id\u0151szakban z\u00e1rva tart! Ebben az id\u0151szakban \u2013 a hivatalos munkasz\u00fcneti napokat lesz\u00e1m\u00edtva \u2013 telefonon (0753-094945) vagy e-mailben (office@kmei.ro) lehet \u00e9rdekl\u0151dni, egyeztetni p\u00e1ly\u00e1zati \u00fcgyekben, 9 \u00e9s 16 \u00f3ra k\u00f6z\u00f6tt.<\/p>\n<p>Let\u00f6lthet\u0151 dokumentumok:<\/p>\n<p><a href=\"http:\/\/kmei.ro\/wp-content\/uploads\/2018\/12\/EMOT_szul_phd_ki\u00edras_1819.pdf\" target=\"_blank\" rel=\"noopener\">P\u00e1ly\u00e1zati felh\u00edv\u00e1s<\/a><\/p>\n<p><a href=\"http:\/\/kmei.ro\/wp-content\/uploads\/2018\/12\/Erdely_szul_pont_PhD_1819_egyeb.pdf\" target=\"_blank\" rel=\"noopener\">\u00c9rt\u00e9kel\u00e9si- \u00e9s pontrendszer az agr\u00e1r-, b\u00f6lcs\u00e9sz-, hit-, m\u0171szaki-, t\u00e1rsadalom- \u00e9s term\u00e9szettudom\u00e1nyok r\u00e9sz\u00e9re<\/a><\/p>\n<p><a href=\"http:\/\/kmei.ro\/wp-content\/uploads\/2018\/12\/Erdely_szul_pont_PhD_1819_orvosi.pdf\" target=\"_blank\" rel=\"noopener\">\u00c9rt\u00e9kel\u00e9si- \u00e9s pontrendszer az orvostudom\u00e1nyok \u00e9s gy\u00f3gyszer\u00e9szet r\u00e9sz\u00e9re<\/a><\/p>\n<p><a href=\"http:\/\/kmei.ro\/wp-content\/uploads\/2018\/12\/Erdely_szul_pont_PhD_1819_muv.pdf\" target=\"_blank\" rel=\"noopener\">\u00c9rt\u00e9kel\u00e9si- \u00e9s pontrendszer a m\u0171v\u00e9szetek r\u00e9sz\u00e9re<\/a><\/p>\n","protected":false},"excerpt":{"rendered":"<p>Az E\u00f6tv\u00f6s Lor\u00e1nd Tudom\u00e1nyegyetem \u00e9s az Emberi Er\u0151forr\u00e1sok Miniszt\u00e9riuma p\u00e1ly\u00e1zatot hirdet \u00f6szt\u00f6nd\u00edjra a sz\u00fcl\u0151f\u00f6ldi fels\u0151oktat\u00e1si tanulm\u00e1nyok t\u00e1mogat\u00e1sa c\u00e9lj\u00e1b\u00f3l a 2018\/2019-es tan\u00e9vben k\u00fclhoni fels\u0151oktat\u00e1si doktori k\u00e9pz\u00e9sben r\u00e9szt vev\u0151 rom\u00e1n \u00e1llampolg\u00e1rs\u00e1g\u00fa, magyar [&hellip;]<\/p>\n","protected":false},"author":1,"featured_media":6953,"comment_status":"open","ping_status":"closed","sticky":false,"template":"","format":"standard","meta":{"footnotes":""},"categories":[177,83],"tags":[],"class_list":["post-1620","post","type-post","status-publish","format-standard","has-post-thumbnail","hentry","category-doktori","category-palyazatok"],"_links":{"self":[{"href":"https:\/\/kmei.ro\/index.php\/wp-json\/wp\/v2\/posts\/1620","targetHints":{"allow":["GET"]}}],"collection":[{"href":"https:\/\/kmei.ro\/index.php\/wp-json\/wp\/v2\/posts"}],"about":[{"href":"https:\/\/kmei.ro\/index.php\/wp-json\/wp\/v2\/types\/post"}],"author":[{"embeddable":true,"href":"https:\/\/kmei.ro\/index.php\/wp-json\/wp\/v2\/users\/1"}],"replies":[{"embeddable":true,"href":"https:\/\/kmei.ro\/index.php\/wp-json\/wp\/v2\/comments?post=1620"}],"version-history":[{"count":2,"href":"https:\/\/kmei.ro\/index.php\/wp-json\/wp\/v2\/posts\/1620\/revisions"}],"predecessor-version":[{"id":7435,"href":"https:\/\/kmei.ro\/index.php\/wp-json\/wp\/v2\/posts\/1620\/revisions\/7435"}],"wp:featuredmedia":[{"embeddable":true,"href":"https:\/\/kmei.ro\/index.php\/wp-json\/wp\/v2\/media\/6953"}],"wp:attachment":[{"href":"https:\/\/kmei.ro\/index.php\/wp-json\/wp\/v2\/media?parent=1620"}],"wp:term":[{"taxonomy":"category","embeddable":true,"href":"https:\/\/kmei.ro\/index.php\/wp-json\/wp\/v2\/categories?post=1620"},{"taxonomy":"post_tag","embeddable":true,"href":"https:\/\/kmei.ro\/index.php\/wp-json\/wp\/v2\/tags?post=1620"}],"curies":[{"name":"wp","href":"https:\/\/api.w.org\/{rel}","templated":true}]}}